{"id":16876,"date":"2023-09-22T11:44:34","date_gmt":"2023-09-22T11:44:34","guid":{"rendered":"https:\/\/www.solomostradores.com\/nuevo-perchero-may-equilibrio-entre-diseno-y-estabilidad\/"},"modified":"2023-09-22T11:55:08","modified_gmt":"2023-09-22T11:55:08","slug":"nuevo-perchero-may-equilibrio-entre-diseno-y-estabilidad","status":"publish","type":"post","link":"https:\/\/www.solomostradores.com\/fr\/nuevo-perchero-may-equilibrio-entre-diseno-y-estabilidad\/","title":{"rendered":"Nouveau portant May : \u00e9quilibre entre design et stabilit\u00e9"},"content":{"rendered":"<p>Vous cherchez une solution \u00e9l\u00e9gante et fonctionnelle pour ranger vos v\u00eatements dans votre magasin de mode ou votre entreprise ? Le <a href=\"https:\/\/www.inretailshop.com\/fr\/accessoires-auxiliaires\/26-portemanteau-may-0000001805116.html\">portant May<\/a> est la r\u00e9ponse que vous attendiez !<\/p>\n<p>Chez Inretail, nous comprenons l&rsquo;importance d&rsquo;avoir du mobilier commercial de qualit\u00e9 dans votre entreprise. C&rsquo;est pourquoi nous vous pr\u00e9sentons le dernier n\u00e9 de notre catalogue : le porte-manteau May, une solution polyvalente et \u00e9l\u00e9gante qui s&rsquo;adapte parfaitement aux besoins de votre \u00e9tablissement.<\/p>\n<h1>Polyvalence des portant<\/h1>\n<p><a href=\"https:\/\/www.inretailshop.com\/fr\/accessoires-auxiliaires\/26-portemanteau-may-0000001805116.html\">May est la solution id\u00e9ale pour ranger les v\u00eatements avec style et fonctionnalit\u00e9<\/a>. Chez Inretail, il est disponible en deux hauteurs. D&rsquo;une part, le mod\u00e8le H1300 pour les vestes courtes, les chemises, les T-shirts et autres v\u00eatements similaires et, d&rsquo;autre part, le mod\u00e8le H1700 pour les robes, les manteaux, les pantalons et les v\u00eatements plus longs. Choisissez entre ces deux hauteurs pour adapter le rayonnage \u00e0 vos produits. De plus, son design intemporel s&rsquo;adapte \u00e0 de nombreux styles de d\u00e9coration, ce qui le rend id\u00e9al pour les magasins de v\u00eatements et d&rsquo;accessoires. Le plus beau ? Vous pouvez l&rsquo;acheter s\u00e9par\u00e9ment ou en ensemble, en fonction de vos besoins et de votre budget !<\/p>\n<h2>Caract\u00e9ristiques de l&rsquo;\u00e9tendoir \u00e0 v\u00eatements May<\/h2>\n<ol>\n<li>Il est autoportant gr\u00e2ce \u00e0 sa structure m\u00e9tallique l\u00e9g\u00e8re.<\/li>\n<li>Comprend une pi\u00e8ce en acier inoxydable sur le dessus pour \u00e9viter les rayures.<\/li>\n<li>Disponible en 3 finitions : blanc, noir et blanc perle.<\/li>\n<li>Design intemporel : s&rsquo;adapte \u00e0 tous les styles de d\u00e9coration.<\/li>\n<li>Vous pouvez les acheter s\u00e9par\u00e9ment ou en set.<\/li>\n<li>Equilibre parfait entre simplicit\u00e9 du design et stabilit\u00e9.<\/li>\n<li>Livr\u00e9 non mont\u00e9 : facile et rapide \u00e0 monter.<\/li>\n<\/ol>\n<h2><\/h2>\n<h2>O\u00f9 placer notre nouveau portemanteau ?<\/h2>\n<p>Le <a href=\"https:\/\/www.inretailshop.com\/fr\/accessoires-auxiliaires\/26-portemanteau-may-0000001805116.html\">portant m\u00e9tallique May<\/a>, disponible dans toutes les combinaisons de tailles et de finitions, est id\u00e9al pour les magasins de v\u00eatements et d&rsquo;accessoires. Son design simple et l\u00e9ger en fait \u00e9galement un excellent choix comme porte-manteau pour les r\u00e9ceptions d&rsquo;h\u00f4tels, les salons de beaut\u00e9 et les salons de coiffure &#8211; partout o\u00f9 vous avez besoin de suspendre et d&rsquo;organiser des v\u00eatements de mani\u00e8re \u00e9l\u00e9gante, le May est le choix id\u00e9al !<\/p>\n<p>En ce qui concerne le montage, <a href=\"https:\/\/www.inretailshop.com\/fr\/accessoires-auxiliaires\/26-portemanteau-may-0000001805116.html\">May est intuitif et facile \u00e0 assembler<\/a>. Si vous suivez les instructions fournies, vous serez en mesure d&rsquo;installer l&rsquo;unit\u00e9 o\u00f9 et quand vous le souhaitez. Et si vous avez des questions pendant le montage, n&rsquo;h\u00e9sitez pas \u00e0 nous contacter ! Nous voulons que vous ayez la meilleure exp\u00e9rience possible avec nos meubles.<\/p>\n<p>En r\u00e9sum\u00e9, notre nouveau porte-manteau en m\u00e9tal est la solution parfaite pour accompagner le mobilier commercial de votre entreprise. May est bien plus qu&rsquo;un simple meuble pour suspendre des v\u00eatements. C&rsquo;est une d\u00e9claration de style, de polyvalence et de fonctionnalit\u00e9. Son design polyvalent, ses mat\u00e9riaux de haute qualit\u00e9 et ses options de personnalisation sur notre site web en font un choix judicieux pour exposer vos v\u00eatements de mani\u00e8re attrayante et ordonn\u00e9e.<\/p>\n<p>N&rsquo;attendez plus pour am\u00e9liorer la pr\u00e9sentation de vos v\u00eatements et accessoires. Procurez-vous le porte-manteau May d&rsquo;Inretail et donnez \u00e0 votre entreprise la touche d&rsquo;\u00e9l\u00e9gance et de design qu&rsquo;elle m\u00e9rite !<\/p>\n","protected":false},"excerpt":{"rendered":"<p>D\u00e9couvrez le nouveau portant May d&rsquo;Inretail, l&rsquo;\u00e9quilibre parfait entre design et stabilit\u00e9.<\/p>\n","protected":false},"author":3,"featured_media":0,"comment_status":"open","ping_status":"open","sticky":false,"template":"","format":"standard","meta":{"footnotes":""},"categories":[128],"tags":[],"aioseo_notices":[],"_links":{"self":[{"href":"https:\/\/www.solomostradores.com\/fr\/wp-json\/wp\/v2\/posts\/16876"}],"collection":[{"href":"https:\/\/www.solomostradores.com\/fr\/wp-json\/wp\/v2\/posts"}],"about":[{"href":"https:\/\/www.solomostradores.com\/fr\/wp-json\/wp\/v2\/types\/post"}],"author":[{"embeddable":true,"href":"https:\/\/www.solomostradores.com\/fr\/wp-json\/wp\/v2\/users\/3"}],"replies":[{"embeddable":true,"href":"https:\/\/www.solomostradores.com\/fr\/wp-json\/wp\/v2\/comments?post=16876"}],"version-history":[{"count":3,"href":"https:\/\/www.solomostradores.com\/fr\/wp-json\/wp\/v2\/posts\/16876\/revisions"}],"predecessor-version":[{"id":16881,"href":"https:\/\/www.solomostradores.com\/fr\/wp-json\/wp\/v2\/posts\/16876\/revisions\/16881"}],"wp:attachment":[{"href":"https:\/\/www.solomostradores.com\/fr\/wp-json\/wp\/v2\/media?parent=16876"}],"wp:term":[{"taxonomy":"category","embeddable":true,"href":"https:\/\/www.solomostradores.com\/fr\/wp-json\/wp\/v2\/categories?post=16876"},{"taxonomy":"post_tag","embeddable":true,"href":"https:\/\/www.solomostradores.com\/fr\/wp-json\/wp\/v2\/tags?post=16876"}],"curies":[{"name":"wp","href":"https:\/\/api.w.org\/{rel}","templated":true}]}}